{"id":79,"date":"2018-11-01T21:30:11","date_gmt":"2018-11-01T20:30:11","guid":{"rendered":"http:\/\/localhost\/wordpress\/?p=79"},"modified":"2019-01-21T16:26:48","modified_gmt":"2019-01-21T15:26:48","slug":"datenschutzgrund-verordnung","status":"publish","type":"post","link":"https:\/\/www.adel-in.de\/wordpress\/2018\/11\/01\/datenschutzgrund-verordnung\/","title":{"rendered":"Datenschutz-Grundverordnung"},"content":{"rendered":"\n<p>Porta Westfalica, 25.05.2018<\/p>\n\n\n\n<p>Sehr geehrte Mitglieder !<\/p>\n\n\n\n<p>Am\n 25. Mai 2018 trat die neue Europ\u00e4ische Datenschutz-Grundverordnung \n(DSGVO) in Kraft. Mit der Verordnung werden die Rechte der Verbraucher \ngest\u00e4rkt.<\/p>\n\n\n\n<p>Wir\n haben Ihre pers\u00f6nlichen Daten erhoben, um Nachrichten, Einladungen und \nInformationen, sowie anderes zu archivieren und\/oder an Sie per Post \noder E-Mail zu versenden. Laut DSGVO darf&nbsp;<strong><em>Die Vereinigung des Adels in Niedersachsen&nbsp;e.V.<\/em><\/strong>&nbsp;nach dem 25. Mai 2018 Ihre Daten nur noch mit Ihrer Einwilligung speichern und verwalten.<\/p>\n\n\n\n<p>Wir gehen davon aus, dass Sie weiterhin mit der Verwaltung und Speicherung Ihrer Daten wie bisher durch&nbsp;<strong><em>Die Vereinigung des Adels in Niedersachsen&nbsp;e.V.<\/em><\/strong>&nbsp;einverstanden\n sind. Sie k\u00f6nnen jederzeit Einsicht in Ihre Daten erhalten, Auskunft \nbekommen, berichtigen oder l\u00f6schen lassen. Bei Widerruf erfolgt die \nL\u00f6schung Ihrer Daten, so dass Sie dann keine Informationen, Einladungen \no.\u00e4. mehr erhalten w\u00fcrden.<\/p>\n\n\n\n<p>Sollten wir keine Nachricht hierzu von Ihnen erhalten, betrachten wir das als Bewilligung&nbsp;<br>und Best\u00e4tigung, dass Sie mit der bestehenden Handhabung Ihrer Daten einverstanden sind.<\/p>\n\n\n\n<p>F\u00fcr R\u00fcckfragen stehen wir Ihnen gerne zur Verf\u00fcgung.<\/p>\n\n\n\n<p>Mit freundlichen Gr\u00fc\u00dfen<\/p>\n\n\n\n<p>Wolfgang v. Strotha<\/p>\n\n\n\n<p>(Vorstandsvorsitzender) &nbsp;<\/p>\n","protected":false},"excerpt":{"rendered":"<p>Porta Westfalica, 25.05.2018 Sehr geehrte Mitglieder ! Am 25. Mai 2018 trat die neue Europ\u00e4ische Datenschutz-Grundverordnung (DSGVO) in Kraft. Mit der Verordnung werden die Rechte der Verbraucher gest\u00e4rkt. Wir haben Ihre pers\u00f6nlichen Daten erhoben, um Nachrichten, Einladungen und Informationen, sowie anderes zu archivieren und\/oder an Sie per Post oder E-Mail zu versenden. Laut DSGVO darf&nbsp;Die &hellip; <\/p>\n<p class=\"link-more\"><a href=\"https:\/\/www.adel-in.de\/wordpress\/2018\/11\/01\/datenschutzgrund-verordnung\/\" class=\"more-link\"><span class=\"screen-reader-text\">\u201eDatenschutz-Grundverordnung\u201c<\/span> weiterlesen<\/a><\/p>\n","protected":false},"author":1,"featured_media":0,"comment_status":"closed","ping_status":"closed","sticky":false,"template":"","format":"standard","meta":{"ngg_post_thumbnail":0,"footnotes":""},"categories":[10],"tags":[],"class_list":["post-79","post","type-post","status-publish","format-standard","hentry","category-impressum"],"_links":{"self":[{"href":"https:\/\/www.adel-in.de\/wordpress\/wp-json\/wp\/v2\/posts\/79"}],"collection":[{"href":"https:\/\/www.adel-in.de\/wordpress\/wp-json\/wp\/v2\/posts"}],"about":[{"href":"https:\/\/www.adel-in.de\/wordpress\/wp-json\/wp\/v2\/types\/post"}],"author":[{"embeddable":true,"href":"https:\/\/www.adel-in.de\/wordpress\/wp-json\/wp\/v2\/users\/1"}],"replies":[{"embeddable":true,"href":"https:\/\/www.adel-in.de\/wordpress\/wp-json\/wp\/v2\/comments?post=79"}],"version-history":[{"count":2,"href":"https:\/\/www.adel-in.de\/wordpress\/wp-json\/wp\/v2\/posts\/79\/revisions"}],"predecessor-version":[{"id":83,"href":"https:\/\/www.adel-in.de\/wordpress\/wp-json\/wp\/v2\/posts\/79\/revisions\/83"}],"wp:attachment":[{"href":"https:\/\/www.adel-in.de\/wordpress\/wp-json\/wp\/v2\/media?parent=79"}],"wp:term":[{"taxonomy":"category","embeddable":true,"href":"https:\/\/www.adel-in.de\/wordpress\/wp-json\/wp\/v2\/categories?post=79"},{"taxonomy":"post_tag","embeddable":true,"href":"https:\/\/www.adel-in.de\/wordpress\/wp-json\/wp\/v2\/tags?post=79"}],"curies":[{"name":"wp","href":"https:\/\/api.w.org\/{rel}","templated":true}]}}