{"id":694,"date":"2019-03-25T18:32:12","date_gmt":"2019-03-25T17:32:12","guid":{"rendered":"http:\/\/fato15.lima-city.de\/wordpress\/?p=694"},"modified":"2019-11-13T09:57:10","modified_gmt":"2019-11-13T08:57:10","slug":"berlinreise-2019","status":"publish","type":"post","link":"https:\/\/www.adel-in.de\/wordpress\/2019\/03\/25\/berlinreise-2019\/","title":{"rendered":"Berlinreise 2019"},"content":{"rendered":"<figure id=\"attachment_793\" aria-describedby=\"caption-attachment-793\" style=\"width: 500px\" class=\"wp-caption alignnone\"><img loading=\"lazy\" decoding=\"async\" class=\"wp-image-793\" src=\"http:\/\/fato15.lima-city.de\/wordpress\/wp-content\/uploads\/2019\/06\/1280px-Reichstag_building_Berlin_view_from_west_before_sunset-300x114.jpg\" alt=\"Reichstag in Berlin\" width=\"500\" height=\"189\" srcset=\"https:\/\/www.adel-in.de\/wordpress\/wp-content\/uploads\/2019\/06\/1280px-Reichstag_building_Berlin_view_from_west_before_sunset-300x114.jpg 300w, https:\/\/www.adel-in.de\/wordpress\/wp-content\/uploads\/2019\/06\/1280px-Reichstag_building_Berlin_view_from_west_before_sunset-768x291.jpg 768w, https:\/\/www.adel-in.de\/wordpress\/wp-content\/uploads\/2019\/06\/1280px-Reichstag_building_Berlin_view_from_west_before_sunset.jpg 1279w\" sizes=\"(max-width: 500px) 100vw, 500px\" \/><figcaption id=\"caption-attachment-793\" class=\"wp-caption-text\">Reichstag in Berlin<\/figcaption><\/figure>\n<p>Vom 06. bis zum 07. November 2019 f\u00fchrte der V.d.A.i.N. eine Reise nach Berlin durch. Es wurden besucht das Paul-L\u00f6be Haus (Bundestag), Reichstag und das Bundesministerium der Verteidigung. <a href=\"http:\/\/fato15.lima-city.de\/wordpress\/2019\/03\/26\/reise-nach-berlin-im-november-2019\/\">N\u00e4heres im Mitgliederbereich<\/a><\/p>\n<p>&nbsp;<\/p>\n","protected":false},"excerpt":{"rendered":"<p>Vom 06. bis zum 07. November 2019 f\u00fchrte der V.d.A.i.N. eine Reise nach Berlin durch. Es wurden besucht das Paul-L\u00f6be Haus (Bundestag), Reichstag und das Bundesministerium der Verteidigung. N\u00e4heres im Mitgliederbereich &nbsp;<\/p>\n","protected":false},"author":1,"featured_media":0,"comment_status":"closed","ping_status":"closed","sticky":false,"template":"","format":"standard","meta":{"ngg_post_thumbnail":0,"footnotes":""},"categories":[6],"tags":[],"class_list":["post-694","post","type-post","status-publish","format-standard","hentry","category-veranstaltungen"],"_links":{"self":[{"href":"https:\/\/www.adel-in.de\/wordpress\/wp-json\/wp\/v2\/posts\/694"}],"collection":[{"href":"https:\/\/www.adel-in.de\/wordpress\/wp-json\/wp\/v2\/posts"}],"about":[{"href":"https:\/\/www.adel-in.de\/wordpress\/wp-json\/wp\/v2\/types\/post"}],"author":[{"embeddable":true,"href":"https:\/\/www.adel-in.de\/wordpress\/wp-json\/wp\/v2\/users\/1"}],"replies":[{"embeddable":true,"href":"https:\/\/www.adel-in.de\/wordpress\/wp-json\/wp\/v2\/comments?post=694"}],"version-history":[{"count":7,"href":"https:\/\/www.adel-in.de\/wordpress\/wp-json\/wp\/v2\/posts\/694\/revisions"}],"predecessor-version":[{"id":1075,"href":"https:\/\/www.adel-in.de\/wordpress\/wp-json\/wp\/v2\/posts\/694\/revisions\/1075"}],"wp:attachment":[{"href":"https:\/\/www.adel-in.de\/wordpress\/wp-json\/wp\/v2\/media?parent=694"}],"wp:term":[{"taxonomy":"category","embeddable":true,"href":"https:\/\/www.adel-in.de\/wordpress\/wp-json\/wp\/v2\/categories?post=694"},{"taxonomy":"post_tag","embeddable":true,"href":"https:\/\/www.adel-in.de\/wordpress\/wp-json\/wp\/v2\/tags?post=694"}],"curies":[{"name":"wp","href":"https:\/\/api.w.org\/{rel}","templated":true}]}}