{"id":1507,"date":"2022-02-20T11:02:31","date_gmt":"2022-02-20T10:02:31","guid":{"rendered":"https:\/\/www.adel-in.de\/wordpress\/?p=1507"},"modified":"2022-02-20T12:07:14","modified_gmt":"2022-02-20T11:07:14","slug":"70-jahre-niedersaechsische-adelsvereinigung","status":"publish","type":"post","link":"https:\/\/www.adel-in.de\/wordpress\/2022\/02\/20\/70-jahre-niedersaechsische-adelsvereinigung\/","title":{"rendered":"70 Jahre nieders\u00e4chsische Adelsvereinigung"},"content":{"rendered":"<p>Die Vereinigung des Adels in Niedersachsen wird 70 Jahre alt.<br \/>\nAm 16. Februar 1952 ist der Gr\u00fcndungstag. An diesem Tag wurde die Satzung der nieders\u00e4chsischen Adelsvereinigung erlassen.<br \/>\nSeit diesem Tag ist viel mit und in der Adelsvereinigung passiert.<br \/>\nDer Name \ufb01nderte sich in:<br \/>\nVereinigung des Adels in Niedersachsen. e.V.<br \/>\nDie einzelnen Bezirksgruppen wurden im Laufe der Zeit aufgel\u00f6st. Aber lesen Sie die nachstehenden Anlagen. Sie geben am eindruckvollsten die Historie unserer Vereinigung wieder.<br \/>\nDer gegenw\u00e4rtige Vorstand hatte lange \u00fcberlegt, dieses Jubil\u00e4um gr\u00f6\u00dfer zu begehen.<br \/>\nAber die Pandemie mit Ihren vielen Varianten, die seit \u00fcber 2 Jahren unser Zusammenleben beeintr\u00e4chtigt, machte alle Pl\u00e4ne immer wieder zunichte.<br \/>\nWir geben nicht auf und sind voller Zuversicht f\u00fcr die Zukunft. Wir brauchen aber Ihre Unterst\u00fctzung!<\/p>\n<p>Wolfgang v. Strotha<br \/>\n&nbsp;&nbsp;&nbsp; Vorsitzender<\/p>\n<figure id=\"attachment_1508\" aria-describedby=\"caption-attachment-1508\" style=\"width: 1275px\" class=\"wp-caption aligncenter\"><a href=\"https:\/\/www.adel-in.de\/wordpress\/wp-content\/uploads\/2022\/02\/Adelsblatt-von-1952_1.jpg\"><img loading=\"lazy\" decoding=\"async\" class=\"wp-image-1508 size-full\" src=\"https:\/\/www.adel-in.de\/wordpress\/wp-content\/uploads\/2022\/02\/Adelsblatt-von-1952_1.jpg\" alt=\"Adelsblatt von 1952 - Bekanntmachungen von Verb\u00e4nden\" width=\"1275\" height=\"1650\" srcset=\"https:\/\/www.adel-in.de\/wordpress\/wp-content\/uploads\/2022\/02\/Adelsblatt-von-1952_1.jpg 1275w, https:\/\/www.adel-in.de\/wordpress\/wp-content\/uploads\/2022\/02\/Adelsblatt-von-1952_1-232x300.jpg 232w, https:\/\/www.adel-in.de\/wordpress\/wp-content\/uploads\/2022\/02\/Adelsblatt-von-1952_1-768x994.jpg 768w, https:\/\/www.adel-in.de\/wordpress\/wp-content\/uploads\/2022\/02\/Adelsblatt-von-1952_1-1187x1536.jpg 1187w\" sizes=\"(max-width: 767px) 89vw, (max-width: 1000px) 54vw, (max-width: 1071px) 543px, 580px\" \/><\/a><figcaption id=\"caption-attachment-1508\" class=\"wp-caption-text\">Adelsblatt von 1952 &#8211; Bekanntmachungen von Verb\u00e4nden<\/figcaption><\/figure>\n<p>(zum Verg\u00f6\u00dfern 1 x oder 2 x klicken)<\/p>\n<figure id=\"attachment_1509\" aria-describedby=\"caption-attachment-1509\" style=\"width: 1275px\" class=\"wp-caption aligncenter\"><a href=\"https:\/\/www.adel-in.de\/wordpress\/wp-content\/uploads\/2022\/02\/Auszug-aus-einem-Protokoll-von-2002_1.jpg\"><img loading=\"lazy\" decoding=\"async\" class=\"wp-image-1509 size-full\" src=\"https:\/\/www.adel-in.de\/wordpress\/wp-content\/uploads\/2022\/02\/Auszug-aus-einem-Protokoll-von-2002_1.jpg\" alt=\"Auszug aus einem Protokoll zum 50-j\u00e4hrigen Jubil\u00e4um\" width=\"1275\" height=\"1650\" srcset=\"https:\/\/www.adel-in.de\/wordpress\/wp-content\/uploads\/2022\/02\/Auszug-aus-einem-Protokoll-von-2002_1.jpg 1275w, https:\/\/www.adel-in.de\/wordpress\/wp-content\/uploads\/2022\/02\/Auszug-aus-einem-Protokoll-von-2002_1-232x300.jpg 232w, https:\/\/www.adel-in.de\/wordpress\/wp-content\/uploads\/2022\/02\/Auszug-aus-einem-Protokoll-von-2002_1-768x994.jpg 768w, https:\/\/www.adel-in.de\/wordpress\/wp-content\/uploads\/2022\/02\/Auszug-aus-einem-Protokoll-von-2002_1-1187x1536.jpg 1187w\" sizes=\"(max-width: 767px) 89vw, (max-width: 1000px) 54vw, (max-width: 1071px) 543px, 580px\" \/><\/a><figcaption id=\"caption-attachment-1509\" class=\"wp-caption-text\">Auszug aus einem Protokoll zum 50-j\u00e4hrigen Jubil\u00e4um<\/figcaption><\/figure>\n<p>&nbsp;<\/p>\n<p>&nbsp;<\/p>\n","protected":false},"excerpt":{"rendered":"<p>Die Vereinigung des Adels in Niedersachsen wird 70 Jahre alt. Am 16. Februar 1952 ist der Gr\u00fcndungstag. An diesem Tag wurde die Satzung der nieders\u00e4chsischen Adelsvereinigung erlassen. Seit diesem Tag ist viel mit und in der Adelsvereinigung passiert. Der Name \ufb01nderte sich in: Vereinigung des Adels in Niedersachsen. e.V. Die einzelnen Bezirksgruppen wurden im Laufe &hellip; <\/p>\n<p class=\"link-more\"><a href=\"https:\/\/www.adel-in.de\/wordpress\/2022\/02\/20\/70-jahre-niedersaechsische-adelsvereinigung\/\" class=\"more-link\"><span class=\"screen-reader-text\">\u201e70 Jahre nieders\u00e4chsische Adelsvereinigung\u201c<\/span> weiterlesen<\/a><\/p>\n","protected":false},"author":1,"featured_media":0,"comment_status":"closed","ping_status":"closed","sticky":false,"template":"","format":"standard","meta":{"ngg_post_thumbnail":0,"footnotes":""},"categories":[1],"tags":[],"class_list":["post-1507","post","type-post","status-publish","format-standard","hentry","category-allgemein"],"_links":{"self":[{"href":"https:\/\/www.adel-in.de\/wordpress\/wp-json\/wp\/v2\/posts\/1507"}],"collection":[{"href":"https:\/\/www.adel-in.de\/wordpress\/wp-json\/wp\/v2\/posts"}],"about":[{"href":"https:\/\/www.adel-in.de\/wordpress\/wp-json\/wp\/v2\/types\/post"}],"author":[{"embeddable":true,"href":"https:\/\/www.adel-in.de\/wordpress\/wp-json\/wp\/v2\/users\/1"}],"replies":[{"embeddable":true,"href":"https:\/\/www.adel-in.de\/wordpress\/wp-json\/wp\/v2\/comments?post=1507"}],"version-history":[{"count":7,"href":"https:\/\/www.adel-in.de\/wordpress\/wp-json\/wp\/v2\/posts\/1507\/revisions"}],"predecessor-version":[{"id":1519,"href":"https:\/\/www.adel-in.de\/wordpress\/wp-json\/wp\/v2\/posts\/1507\/revisions\/1519"}],"wp:attachment":[{"href":"https:\/\/www.adel-in.de\/wordpress\/wp-json\/wp\/v2\/media?parent=1507"}],"wp:term":[{"taxonomy":"category","embeddable":true,"href":"https:\/\/www.adel-in.de\/wordpress\/wp-json\/wp\/v2\/categories?post=1507"},{"taxonomy":"post_tag","embeddable":true,"href":"https:\/\/www.adel-in.de\/wordpress\/wp-json\/wp\/v2\/tags?post=1507"}],"curies":[{"name":"wp","href":"https:\/\/api.w.org\/{rel}","templated":true}]}}